{"id":1417,"date":"2019-10-18T16:38:07","date_gmt":"2019-10-18T14:38:07","guid":{"rendered":"http:\/\/painonnosto.raisanen.org\/?p=1417"},"modified":"2019-10-18T19:34:11","modified_gmt":"2019-10-18T17:34:11","slug":"petrille-pronssi-pohjoismaiden-mestaruuskilpailuista","status":"publish","type":"post","link":"https:\/\/painonnosto.raisanen.org\/?p=1417","title":{"rendered":"Petrille pronssi Pohjoismaiden mestaruuskilpailuista!"},"content":{"rendered":"<p>Keljon miesten k\u00e4rkinostaja\u00a0<strong>Petri Lindfors<\/strong> sai t\u00e4n\u00e4 syksyn\u00e4 kunnian edustaa Suomen maajoukkuetta Norjan Vigrestadissa k\u00e4ydyiss\u00e4 Pohjoismaiden mestaruuskilpailuissa. Kisamatka oli v\u00e4hint\u00e4\u00e4nkin onnistunut, sill\u00e4 Petri onnistui kilpailussa viidess\u00e4 nostosssa ja sijoittui superissa kolmanneksi.<\/p>\n<p>Tempaussarja oli puhdas: 138, 141 ja uusi enn\u00e4tys 145 kiloa. Ty\u00f6nt\u00f6aloitus 172 kilosta varmisti pronssisen mitalin, ja kun 180 kiloa onnistui lopulta kolmannella, yhteistulosta tuli 325 kiloa.\u00a0Kirkkaammat mitalit meniv\u00e4t Norjan Kim Eirik Tollefsenille ja Ruotsin Hampus Lith\u00e9nille.<\/p>\n<p><a href=\"http:\/\/keljonviesti.raisanen.org\/wp-content\/uploads\/2019\/10\/IMG_20191016_173538.jpg\"><img loading=\"lazy\" decoding=\"async\" class=\"alignnone size-large wp-image-675\" src=\"http:\/\/keljonviesti.raisanen.org\/wp-content\/uploads\/2019\/10\/IMG_20191016_173538-1024x768.jpg\" alt=\"\" width=\"640\" height=\"480\" \/><\/a><br \/>\n<em>Petri PM-mitalikahveilla.\u00a0 Kuva: Janne Riekkinen<\/em><\/p>\n<p>Petri osallistui nyt kolmatta kertaa yleisen sarjan PM-kilpailuihin, ja nousi nyt ensimm\u00e4ist\u00e4 kertaa mitalisijoille. Niinp\u00e4 nostaja p\u00e4\u00e4si veistelem\u00e4\u00e4n fraasia <em>&#8220;kolmas kerta toden sanoo&#8221; <\/em>vastauksena <em>Keljon Viestin<\/em> urheilutoimittajan klassiseen &#8220;milt\u00e4 nyt tuntuu?&#8221; -kysymykseen.<\/p>\n<p>N\u00e4ill\u00e4 n\u00e4yt\u00f6ill\u00e4 kelpaa kyll\u00e4 mitalikahveja keitell\u00e4 useampaankin otteeseen! Suuret onnittelut Petrille hienosta saavutuksesta!<\/p>\n<blockquote class=\"instagram-media\" style=\"background: #FFF; border: 0; border-radius: 3px; box-shadow: 0 0 1px 0 rgba(0,0,0,0.5),0 1px 10px 0 rgba(0,0,0,0.15); margin: 1px; max-width: 540px; min-width: 326px; padding: 0; width: calc(100% - 2px);\" data-instgrm-captioned=\"\" data-instgrm-permalink=\"https:\/\/www.instagram.com\/p\/B3j-cozFxsv\/?utm_source=ig_embed&amp;utm_campaign=loading\" data-instgrm-version=\"12\">\n<div style=\"padding: 16px;\">\n<p>&nbsp;<\/p>\n<div style=\"display: flex; flex-direction: row; align-items: center;\">\n<div style=\"background-color: #f4f4f4; border-radius: 50%; flex-grow: 0; height: 40px; margin-right: 14px; width: 40px;\"><\/div>\n<div style=\"display: flex; flex-direction: column; flex-grow: 1; justify-content: center;\">\n<div style=\"background-color: #f4f4f4; border-radius: 4px; flex-grow: 0; height: 14px; margin-bottom: 6px; width: 100px;\"><\/div>\n<div style=\"background-color: #f4f4f4; border-radius: 4px; flex-grow: 0; height: 14px; width: 60px;\"><\/div>\n<\/div>\n<\/div>\n<div style=\"padding: 19% 0;\"><\/div>\n<div style=\"display: block; height: 50px; margin: 0 auto 12px; width: 50px;\"><\/div>\n<div style=\"padding-top: 8px;\">\n<div style=\"color: #3897f0; font-family: Arial,sans-serif; font-size: 14px; font-style: normal; font-weight: 550; line-height: 18px;\">N\u00e4yt\u00e4 t\u00e4m\u00e4 julkaisu Instagramissa.<\/div>\n<\/div>\n<div style=\"padding: 12.5% 0;\"><\/div>\n<div style=\"display: flex; flex-direction: row; margin-bottom: 14px; align-items: center;\">\n<div>\n<div style=\"background-color: #f4f4f4; border-radius: 50%; height: 12.5px; width: 12.5px; transform: translateX(0px) translateY(7px);\"><\/div>\n<div style=\"background-color: #f4f4f4; height: 12.5px; transform: rotate(-45deg) translateX(3px) translateY(1px); width: 12.5px; flex-grow: 0; margin-right: 14px; margin-left: 2px;\"><\/div>\n<div style=\"background-color: #f4f4f4; border-radius: 50%; height: 12.5px; width: 12.5px; transform: translateX(9px) translateY(-18px);\"><\/div>\n<\/div>\n<div style=\"margin-left: 8px;\">\n<div style=\"background-color: #f4f4f4; border-radius: 50%; flex-grow: 0; height: 20px; width: 20px;\"><\/div>\n<div style=\"width: 0; height: 0; border-top: 2px solid transparent; border-left: 6px solid #f4f4f4; border-bottom: 2px solid transparent; transform: translateX(16px) translateY(-4px) rotate(30deg);\"><\/div>\n<\/div>\n<div style=\"margin-left: auto;\">\n<div style=\"width: 0px; border-top: 8px solid #F4F4F4; border-right: 8px solid transparent; transform: translateY(16px);\"><\/div>\n<div style=\"background-color: #f4f4f4; flex-grow: 0; height: 12px; width: 16px; transform: translateY(-4px);\"><\/div>\n<div style=\"width: 0; height: 0; border-top: 8px solid #F4F4F4; border-left: 8px solid transparent; transform: translateY(-4px) translateX(8px);\"><\/div>\n<\/div>\n<\/div>\n<p>&nbsp;<\/p>\n<p style=\"margin: 8px 0 0 0; padding: 0 4px;\"><a style=\"color: #000; font-family: Arial,sans-serif; font-size: 14px; font-style: normal; font-weight: normal; line-height: 17px; text-decoration: none; word-wrap: break-word;\" href=\"https:\/\/www.instagram.com\/p\/B3j-cozFxsv\/?utm_source=ig_embed&amp;utm_campaign=loading\" target=\"_blank\" rel=\"noopener\">PM-mitali Keljoon! Petri Lindfors superin kolmanneksi Vigrestadissa????Tempauksessa uusi enn\u00e4tys 145 kg! ? #painonnosto #keljonviesti #weightlifting #nordicchampionships &#8230; First nordics medal with 145+180 result @senilixosetmusculus #crossfitjkl #RakennusAuvinen #Sitowise @keljonviesti &#8211; Reposted from @petrilindfors (@get_regrann) &#8211; #regrann<\/a><\/p>\n<p style=\"color: #c9c8cd; font-family: Arial,sans-serif; font-size: 14px; line-height: 17px; margin-bottom: 0; margin-top: 8px; overflow: hidden; padding: 8px 0 7px; text-align: center; text-overflow: ellipsis; white-space: nowrap;\">Henkil\u00f6n <a style=\"color: #c9c8cd; font-family: Arial,sans-serif; font-size: 14px; font-style: normal; font-weight: normal; line-height: 17px;\" href=\"https:\/\/www.instagram.com\/keljonviesti\/?utm_source=ig_embed&amp;utm_campaign=loading\" target=\"_blank\" rel=\"noopener\"> Keljon Viesti Painonnosto<\/a> (@keljonviesti) jakama julkaisu <time style=\"font-family: Arial,sans-serif; font-size: 14px; line-height: 17px;\" datetime=\"2019-10-13T14:42:01+00:00\">Loka 13, 2019 kello 7.42 PDT<\/time><\/p>\n<\/div>\n<\/blockquote>\n<p><script async=\"\" src=\"\/\/www.instagram.com\/embed.js\"><\/script><\/p>\n<p>Tulokset:<\/p>\n<blockquote class=\"wp-embedded-content\" data-secret=\"uc3wAcRluD\"><p><a href=\"https:\/\/painonnosto.fi\/yleisen-sarjan-pm-kilpailut-vigrestad-norja\/\">Yleisen sarjan PM-kilpailut, Vigrestad, Norja<\/a><\/p><\/blockquote>\n<p><iframe loading=\"lazy\" class=\"wp-embedded-content\" sandbox=\"allow-scripts\" security=\"restricted\" style=\"position: absolute; visibility: hidden;\" title=\"&#8221;Yleisen sarjan PM-kilpailut, Vigrestad, Norja&#8221; &#8212; Painonnostoliitto\" src=\"https:\/\/painonnosto.fi\/yleisen-sarjan-pm-kilpailut-vigrestad-norja\/embed\/#?secret=CGzgO5dZRO#?secret=uc3wAcRluD\" data-secret=\"uc3wAcRluD\" width=\"600\" height=\"338\" frameborder=\"0\" marginwidth=\"0\" marginheight=\"0\" scrolling=\"no\"><\/iframe><\/p>\n<p><em>Teksti: Janne Riekkinen (artikkeli julkaistu alun perin <a href=\"http:\/\/keljonviesti.raisanen.org\/?p=669\">Keljon Viestin<\/a> nettisivuilla)<\/em><\/p>\n","protected":false},"excerpt":{"rendered":"<p>Keljon miesten k\u00e4rkinostaja\u00a0Petri Lindfors sai t\u00e4n\u00e4 syksyn\u00e4 kunnian edustaa Suomen maajoukkuetta Norjan Vigrestadissa k\u00e4ydyiss\u00e4 Pohjoismaiden mestaruuskilpailuissa. Kisamatka oli v\u00e4hint\u00e4\u00e4nkin onnistunut, sill\u00e4 Petri onnistui kilpailussa viidess\u00e4 nostosssa ja sijoittui superissa kolmanneksi. Tempaussarja oli puhdas: 138, 141 ja uusi enn\u00e4tys 145 kiloa. Ty\u00f6nt\u00f6aloitus 172 kilosta varmisti pronssisen mitalin, ja kun 180 kiloa onnistui lopulta kolmannella, yhteistulosta tuli [&hellip;]<\/p>\n","protected":false},"author":3,"featured_media":0,"comment_status":"closed","ping_status":"closed","sticky":false,"template":"","format":"standard","meta":{"_monsterinsights_skip_tracking":false,"_monsterinsights_sitenote_active":false,"_monsterinsights_sitenote_note":"","_monsterinsights_sitenote_category":0,"footnotes":""},"categories":[6,3],"tags":[],"class_list":["post-1417","post","type-post","status-publish","format-standard","hentry","category-kisauutiset","category-piiriennatykset"],"_links":{"self":[{"href":"https:\/\/painonnosto.raisanen.org\/index.php?rest_route=\/wp\/v2\/posts\/1417","targetHints":{"allow":["GET"]}}],"collection":[{"href":"https:\/\/painonnosto.raisanen.org\/index.php?rest_route=\/wp\/v2\/posts"}],"about":[{"href":"https:\/\/painonnosto.raisanen.org\/index.php?rest_route=\/wp\/v2\/types\/post"}],"author":[{"embeddable":true,"href":"https:\/\/painonnosto.raisanen.org\/index.php?rest_route=\/wp\/v2\/users\/3"}],"replies":[{"embeddable":true,"href":"https:\/\/painonnosto.raisanen.org\/index.php?rest_route=%2Fwp%2Fv2%2Fcomments&post=1417"}],"version-history":[{"count":1,"href":"https:\/\/painonnosto.raisanen.org\/index.php?rest_route=\/wp\/v2\/posts\/1417\/revisions"}],"predecessor-version":[{"id":1418,"href":"https:\/\/painonnosto.raisanen.org\/index.php?rest_route=\/wp\/v2\/posts\/1417\/revisions\/1418"}],"wp:attachment":[{"href":"https:\/\/painonnosto.raisanen.org\/index.php?rest_route=%2Fwp%2Fv2%2Fmedia&parent=1417"}],"wp:term":[{"taxonomy":"category","embeddable":true,"href":"https:\/\/painonnosto.raisanen.org\/index.php?rest_route=%2Fwp%2Fv2%2Fcategories&post=1417"},{"taxonomy":"post_tag","embeddable":true,"href":"https:\/\/painonnosto.raisanen.org\/index.php?rest_route=%2Fwp%2Fv2%2Ftags&post=1417"}],"curies":[{"name":"wp","href":"https:\/\/api.w.org\/{rel}","templated":true}]}}