{"id":1477,"date":"2020-08-28T12:36:26","date_gmt":"2020-08-28T10:36:26","guid":{"rendered":"http:\/\/painonnosto.raisanen.org\/?p=1477"},"modified":"2020-08-28T12:47:57","modified_gmt":"2020-08-28T10:47:57","slug":"korona-ajan-lehtijuttukooste-aks-ja-pikkukaupunkilainen-kesa-ja-heinakuu","status":"publish","type":"post","link":"https:\/\/painonnosto.raisanen.org\/?p=1477","title":{"rendered":"Korona-ajan lehtijuttukooste \u00c4ks ja Pikkukaupunkilainen kes\u00e4- ja hein\u00e4kuu"},"content":{"rendered":"<p>Leader Cup Tampere18.6.2020<\/p>\n<blockquote class=\"wp-embedded-content\" data-secret=\"w2Jqn88X0I\"><p><a href=\"https:\/\/aksa.fi\/painonnostaja-iita-kononen-kovassa-kesakunnossa\/\">Painonnostaja Iita Kononen kovassa kes\u00e4kunnossa<\/a><\/p><\/blockquote>\n<p><iframe loading=\"lazy\" class=\"wp-embedded-content\" sandbox=\"allow-scripts\" security=\"restricted\" style=\"position: absolute; visibility: hidden;\" title=\"&#8221;Painonnostaja Iita Kononen kovassa kes\u00e4kunnossa&#8221; &#8212; \u00c4KS\" src=\"https:\/\/aksa.fi\/painonnostaja-iita-kononen-kovassa-kesakunnossa\/embed\/#?secret=NjFTxPGRKy#?secret=w2Jqn88X0I\" data-secret=\"w2Jqn88X0I\" width=\"600\" height=\"338\" frameborder=\"0\" marginwidth=\"0\" marginheight=\"0\" scrolling=\"no\"><\/iframe><\/p>\n<p>R\u00f6nni 5.7.2020<\/p>\n<blockquote class=\"wp-embedded-content\" data-secret=\"x3ihLGSLXx\"><p><a href=\"https:\/\/aksa.fi\/iita-konoselle-tempauksen-se\/\">Iita Konoselle tempauksen SE<\/a><\/p><\/blockquote>\n<p><iframe loading=\"lazy\" class=\"wp-embedded-content\" sandbox=\"allow-scripts\" security=\"restricted\" style=\"position: absolute; visibility: hidden;\" title=\"&#8221;Iita Konoselle tempauksen SE&#8221; &#8212; \u00c4KS\" src=\"https:\/\/aksa.fi\/iita-konoselle-tempauksen-se\/embed\/#?secret=FeDeoryk2C#?secret=x3ihLGSLXx\" data-secret=\"x3ihLGSLXx\" width=\"600\" height=\"338\" frameborder=\"0\" marginwidth=\"0\" marginheight=\"0\" scrolling=\"no\"><\/iframe><\/p>\n<p>Pk ja jv \u00c4\u00e4nekoski 15.7. ja 20.7.2020<\/p>\n<blockquote class=\"wp-embedded-content\" data-secret=\"hnSltsQ6Y9\"><p><a href=\"https:\/\/aksa.fi\/painonnostajien-kesakisoja-pankkarilla\/\">Painonnostajien kes\u00e4kisoja Pankkarilla<\/a><\/p><\/blockquote>\n<p><iframe loading=\"lazy\" class=\"wp-embedded-content\" sandbox=\"allow-scripts\" security=\"restricted\" style=\"position: absolute; visibility: hidden;\" title=\"&#8221;Painonnostajien kes\u00e4kisoja Pankkarilla&#8221; &#8212; \u00c4KS\" src=\"https:\/\/aksa.fi\/painonnostajien-kesakisoja-pankkarilla\/embed\/#?secret=YvGffKyuSN#?secret=hnSltsQ6Y9\" data-secret=\"hnSltsQ6Y9\" width=\"600\" height=\"338\" frameborder=\"0\" marginwidth=\"0\" marginheight=\"0\" scrolling=\"no\"><\/iframe><\/p>\n<p>Rovaniemi 25.7.2020<\/p>\n<blockquote class=\"wp-embedded-content\" data-secret=\"v4G3jhFmZQ\"><p><a href=\"https:\/\/aksa.fi\/iita-konoselle-15-ja-17-vuotiaiden-sm-kultaa-painonnostossa-ja-tempauksen-se\/\">Iita Konoselle 15- ja 17-vuotiaiden SM-kultaa painonnostossa ja tempauksen SE<\/a><\/p><\/blockquote>\n<p><iframe loading=\"lazy\" class=\"wp-embedded-content\" sandbox=\"allow-scripts\" security=\"restricted\" style=\"position: absolute; visibility: hidden;\" title=\"&#8221;Iita Konoselle 15- ja 17-vuotiaiden SM-kultaa painonnostossa ja tempauksen SE&#8221; &#8212; \u00c4KS\" src=\"https:\/\/aksa.fi\/iita-konoselle-15-ja-17-vuotiaiden-sm-kultaa-painonnostossa-ja-tempauksen-se\/embed\/#?secret=iLTL0UOVjM#?secret=v4G3jhFmZQ\" data-secret=\"v4G3jhFmZQ\" width=\"600\" height=\"338\" frameborder=\"0\" marginwidth=\"0\" marginheight=\"0\" scrolling=\"no\"><\/iframe><\/p>\n<div id=\"attachment_1481\" style=\"width: 235px\" class=\"wp-caption alignnone\"><a href=\"http:\/\/painonnosto.raisanen.org\/?attachment_id=1481\" rel=\"attachment wp-att-1481\"><img loading=\"lazy\" decoding=\"async\" aria-describedby=\"caption-attachment-1481\" class=\"size-medium wp-image-1481\" src=\"http:\/\/painonnosto.raisanen.org\/wp-content\/uploads\/2020\/08\/Painonnostajat-Pankkarilla-kes\u00e4kisoissa-PikkuKaupunkilainen-225x300.jpg\" alt=\"\" width=\"225\" height=\"300\" srcset=\"https:\/\/painonnosto.raisanen.org\/wp-content\/uploads\/2020\/08\/Painonnostajat-Pankkarilla-kes\u00e4kisoissa-PikkuKaupunkilainen-225x300.jpg 225w, https:\/\/painonnosto.raisanen.org\/wp-content\/uploads\/2020\/08\/Painonnostajat-Pankkarilla-kes\u00e4kisoissa-PikkuKaupunkilainen-768x1024.jpg 768w, https:\/\/painonnosto.raisanen.org\/wp-content\/uploads\/2020\/08\/Painonnostajat-Pankkarilla-kes\u00e4kisoissa-PikkuKaupunkilainen-624x832.jpg 624w\" sizes=\"auto, (max-width: 225px) 100vw, 225px\" \/><\/a><p id=\"caption-attachment-1481\" class=\"wp-caption-text\">cof<\/p><\/div>\n<p>Punttikarnevaalit 2020<\/p>\n<blockquote class=\"wp-embedded-content\" data-secret=\"Ca9h97HMZV\"><p><a href=\"https:\/\/aksa.fi\/huima-nousi-nuorten-punttikarnevaaleilla-joukkuekisan-kolmanneksi\/\">Huima nousi nuorten Punttikarnevaaleilla joukkuekisan kolmanneksi<\/a><\/p><\/blockquote>\n<p><iframe loading=\"lazy\" class=\"wp-embedded-content\" sandbox=\"allow-scripts\" security=\"restricted\" style=\"position: absolute; visibility: hidden;\" title=\"&#8221;Huima nousi nuorten Punttikarnevaaleilla joukkuekisan kolmanneksi&#8221; &#8212; \u00c4KS\" src=\"https:\/\/aksa.fi\/huima-nousi-nuorten-punttikarnevaaleilla-joukkuekisan-kolmanneksi\/embed\/#?secret=47srAtbhPm#?secret=Ca9h97HMZV\" data-secret=\"Ca9h97HMZV\" width=\"600\" height=\"338\" frameborder=\"0\" marginwidth=\"0\" marginheight=\"0\" scrolling=\"no\"><\/iframe><\/p>\n<div id=\"attachment_1480\" style=\"width: 310px\" class=\"wp-caption alignnone\"><a href=\"http:\/\/painonnosto.raisanen.org\/?attachment_id=1480\" rel=\"attachment wp-att-1480\"><img loading=\"lazy\" decoding=\"async\" aria-describedby=\"caption-attachment-1480\" class=\"size-medium wp-image-1480\" src=\"http:\/\/painonnosto.raisanen.org\/wp-content\/uploads\/2020\/08\/Punttikarnevaalit-2020-PikkuKaupunkilainen-e1598611390473-300x225.jpg\" alt=\"\" width=\"300\" height=\"225\" srcset=\"https:\/\/painonnosto.raisanen.org\/wp-content\/uploads\/2020\/08\/Punttikarnevaalit-2020-PikkuKaupunkilainen-e1598611390473-300x225.jpg 300w, https:\/\/painonnosto.raisanen.org\/wp-content\/uploads\/2020\/08\/Punttikarnevaalit-2020-PikkuKaupunkilainen-e1598611390473-768x576.jpg 768w, https:\/\/painonnosto.raisanen.org\/wp-content\/uploads\/2020\/08\/Punttikarnevaalit-2020-PikkuKaupunkilainen-e1598611390473-1024x768.jpg 1024w, https:\/\/painonnosto.raisanen.org\/wp-content\/uploads\/2020\/08\/Punttikarnevaalit-2020-PikkuKaupunkilainen-e1598611390473-624x468.jpg 624w\" sizes=\"auto, (max-width: 300px) 100vw, 300px\" \/><\/a><p id=\"caption-attachment-1480\" class=\"wp-caption-text\">cof<\/p><\/div>\n","protected":false},"excerpt":{"rendered":"<p>Leader Cup Tampere18.6.2020 Painonnostaja Iita Kononen kovassa kes\u00e4kunnossa R\u00f6nni 5.7.2020 Iita Konoselle tempauksen SE Pk ja jv \u00c4\u00e4nekoski 15.7. ja 20.7.2020 Painonnostajien kes\u00e4kisoja Pankkarilla Rovaniemi 25.7.2020 Iita Konoselle 15- ja 17-vuotiaiden SM-kultaa painonnostossa ja tempauksen SE Punttikarnevaalit 2020 Huima nousi nuorten Punttikarnevaaleilla joukkuekisan kolmanneksi<\/p>\n","protected":false},"author":2,"featured_media":0,"comment_status":"closed","ping_status":"closed","sticky":false,"template":"","format":"standard","meta":{"_monsterinsights_skip_tracking":false,"_monsterinsights_sitenote_active":false,"_monsterinsights_sitenote_note":"","_monsterinsights_sitenote_category":0,"footnotes":""},"categories":[6,1],"tags":[],"class_list":["post-1477","post","type-post","status-publish","format-standard","hentry","category-kisauutiset","category-uncategorized"],"_links":{"self":[{"href":"https:\/\/painonnosto.raisanen.org\/index.php?rest_route=\/wp\/v2\/posts\/1477","targetHints":{"allow":["GET"]}}],"collection":[{"href":"https:\/\/painonnosto.raisanen.org\/index.php?rest_route=\/wp\/v2\/posts"}],"about":[{"href":"https:\/\/painonnosto.raisanen.org\/index.php?rest_route=\/wp\/v2\/types\/post"}],"author":[{"embeddable":true,"href":"https:\/\/painonnosto.raisanen.org\/index.php?rest_route=\/wp\/v2\/users\/2"}],"replies":[{"embeddable":true,"href":"https:\/\/painonnosto.raisanen.org\/index.php?rest_route=%2Fwp%2Fv2%2Fcomments&post=1477"}],"version-history":[{"count":2,"href":"https:\/\/painonnosto.raisanen.org\/index.php?rest_route=\/wp\/v2\/posts\/1477\/revisions"}],"predecessor-version":[{"id":1482,"href":"https:\/\/painonnosto.raisanen.org\/index.php?rest_route=\/wp\/v2\/posts\/1477\/revisions\/1482"}],"wp:attachment":[{"href":"https:\/\/painonnosto.raisanen.org\/index.php?rest_route=%2Fwp%2Fv2%2Fmedia&parent=1477"}],"wp:term":[{"taxonomy":"category","embeddable":true,"href":"https:\/\/painonnosto.raisanen.org\/index.php?rest_route=%2Fwp%2Fv2%2Fcategories&post=1477"},{"taxonomy":"post_tag","embeddable":true,"href":"https:\/\/painonnosto.raisanen.org\/index.php?rest_route=%2Fwp%2Fv2%2Ftags&post=1477"}],"curies":[{"name":"wp","href":"https:\/\/api.w.org\/{rel}","templated":true}]}}